{"id":20679,"date":"2026-03-23T09:54:16","date_gmt":"2026-03-23T08:54:16","guid":{"rendered":"https:\/\/www.four-forestschool.ch\/school-news\/four-forest-luzern-kommt-fuer-einen-tag-voller-wandern-und-lernen-zusammen\/"},"modified":"2026-03-23T09:54:16","modified_gmt":"2026-03-23T08:54:16","slug":"four-forest-luzern-kommt-fuer-einen-tag-voller-wandern-und-lernen-zusammen","status":"publish","type":"school_news","link":"https:\/\/www.four-forestschool.ch\/de\/neuigkeiten\/four-forest-luzern-kommt-fuer-einen-tag-voller-wandern-und-lernen-zusammen\/","title":{"rendered":"Four Forest Luzern kommt f\u00fcr einen Tag voller Wandern und Lernen zusammen"},"content":{"rendered":"<p>Die Sch\u00fclerinnen und Sch\u00fcler von Four Forest Luzern verbrachten k\u00fcrzlich einen Tag im Freien in Meggen und nahmen an einer schulweiten Wanderung teil, die Lernen mit realen Erfahrungen verband.<\/p>\n<p>Drei verschiedene Routen erm\u00f6glichten es allen Sch\u00fclerinnen und Sch\u00fclern \u2013 vom Kindergarten bis zur 6. Klasse und LMS \u2013, auf eine Weise teilzunehmen, die ihrem Niveau und ihrem Tempo entsprach.<\/p>\n<h3>Verschiedene Routen, ein gemeinsames Ziel<\/h3>\n<p>Die \u00e4lteren Sch\u00fclerinnen und Sch\u00fcler folgten der langen Route, reisten nach K\u00fcssnacht am Rigi und wanderten anschliessend entlang des H\u00f6henwegs in Richtung Meggen. Die Strecke dauerte bis zu zwei Stunden und erforderte durchgehend Konzentration, Ausdauer und Teamarbeit. <\/p>\n<p>Die Sch\u00fclerinnen und Sch\u00fcler der 3. und 4. Klassen absolvierten die mittlere Route und erkundeten dabei Meggen, w\u00e4hrend sie als Gruppe aktiv und engagiert blieben.<\/p>\n<p>F\u00fcr die j\u00fcngeren Sch\u00fclerinnen und Sch\u00fcler wurde die Route im Laufe des Tages angepasst. Da der Spielplatz Tsch\u00e4digen geschlossen blieb, setzten sie ihre Wanderung mit einer l\u00e4ngeren Strecke durch den Megger Wald fort. Die Gruppe passte sich flexibel an, legte bei Bedarf Pausen ein und reagierte auf das Energielevel der Kinder.  <\/p>\n<p>Alle Gruppen trafen sich bei den Grillstellen oberhalb von Meggen, wo die gesamte Schulgemeinschaft zusammenkam, um gemeinsam zu essen und Zeit im Freien zu verbringen. Sch\u00fclerinnen und Sch\u00fcler aus verschiedenen Jahrgangsstufen kamen in einer entspannten Atmosph\u00e4re zusammen, bevor sie auf unterschiedlichen Wegen zur Schule zur\u00fcckkehrten. <\/p>\n<p>Der Tag spiegelte die Werte der Schule wider, wobei Gemeinschaft, Neugier und Integrit\u00e4t w\u00e4hrend der gesamten Erfahrung sichtbar waren.<\/p>\n<p>Die Erfahrung zeigte, wie Lernen \u00fcber das Klassenzimmer hinausgeht, indem sich die Sch\u00fclerinnen und Sch\u00fcler auf sinnvolle Weise mit ihrer Umgebung und miteinander auseinandersetzten.<\/p>\n","protected":false},"excerpt":{"rendered":"<p>Sch\u00fclerinnen und Sch\u00fcler von Four Forest Luzern nahmen an einer schulweiten Wanderung in Meggen teil, erkundeten verschiedene Routen und st\u00e4rkten dabei Teamarbeit, Resilienz und ein starkes Gemeinschaftsgef\u00fchl in der Natur.<\/p>\n","protected":false},"author":606,"featured_media":20673,"parent":0,"menu_order":0,"template":"","meta":{"_acf_changed":false,"footnotes":""},"news-category":[],"news-tag":[],"class_list":["post-20679","school_news","type-school_news","status-publish","has-post-thumbnail","hentry"],"acf":[],"yoast_head":"<!-- This site is optimized with the Yoast SEO plugin v27.4 - https:\/\/yoast.com\/product\/yoast-seo-wordpress\/ -->\n<title>Four Forest Luzern kommt f\u00fcr einen Tag voller Wandern und Lernen zusammen - Four Forest Bilingual International School<\/title>\n<meta name=\"description\" content=\"Sch\u00fclerinnen und Sch\u00fcler von Four Forest Luzern nahmen an einer schulweiten Wanderung in Meggen teil, erkundeten verschiedene Routen und fanden als Gemeinschaft durch Lernen im Freien und gemeinsame Erlebnisse zusammen.\" \/>\n<meta name=\"robots\" content=\"index, follow, max-snippet:-1, max-image-preview:large, max-video-preview:-1\" \/>\n<link rel=\"canonical\" href=\"https:\/\/www.four-forestschool.ch\/de\/neuigkeiten\/four-forest-luzern-kommt-fuer-einen-tag-voller-wandern-und-lernen-zusammen\/\" \/>\n<meta property=\"og:locale\" content=\"de_DE\" \/>\n<meta property=\"og:type\" content=\"article\" \/>\n<meta property=\"og:title\" content=\"Four Forest Luzern kommt f\u00fcr einen Tag voller Wandern und Lernen zusammen - Four Forest Bilingual International School\" \/>\n<meta property=\"og:description\" content=\"Sch\u00fclerinnen und Sch\u00fcler von Four Forest Luzern nahmen an einer schulweiten Wanderung in Meggen teil, erkundeten verschiedene Routen und fanden als Gemeinschaft durch Lernen im Freien und gemeinsame Erlebnisse zusammen.\" \/>\n<meta property=\"og:url\" content=\"https:\/\/www.four-forestschool.ch\/de\/neuigkeiten\/four-forest-luzern-kommt-fuer-einen-tag-voller-wandern-und-lernen-zusammen\/\" \/>\n<meta property=\"og:site_name\" content=\"Four Forest Bilingual International School\" \/>\n<meta property=\"article:publisher\" content=\"https:\/\/www.facebook.com\/61566364066957\" \/>\n<meta property=\"og:image\" content=\"https:\/\/www.four-forestschool.ch\/wp-content\/uploads\/sites\/142\/2026\/03\/IMG_6093.jpeg\" \/>\n\t<meta property=\"og:image:width\" content=\"1500\" \/>\n\t<meta property=\"og:image:height\" content=\"1075\" \/>\n\t<meta property=\"og:image:type\" content=\"image\/jpeg\" \/>\n<meta name=\"twitter:card\" content=\"summary_large_image\" \/>\n<meta name=\"twitter:label1\" content=\"Est. reading time\" \/>\n\t<meta name=\"twitter:data1\" content=\"1 minute\" \/>\n<script type=\"application\/ld+json\" class=\"yoast-schema-graph\">{\"@context\":\"https:\\\/\\\/schema.org\",\"@graph\":[{\"@type\":\"WebPage\",\"@id\":\"https:\\\/\\\/www.four-forestschool.ch\\\/de\\\/neuigkeiten\\\/four-forest-luzern-kommt-fuer-einen-tag-voller-wandern-und-lernen-zusammen\\\/\",\"url\":\"https:\\\/\\\/www.four-forestschool.ch\\\/de\\\/neuigkeiten\\\/four-forest-luzern-kommt-fuer-einen-tag-voller-wandern-und-lernen-zusammen\\\/\",\"name\":\"Four Forest Luzern kommt f\u00fcr einen Tag voller Wandern und Lernen zusammen - Four Forest Bilingual International School\",\"isPartOf\":{\"@id\":\"https:\\\/\\\/www.four-forestschool.ch\\\/de\\\/#website\"},\"primaryImageOfPage\":{\"@id\":\"https:\\\/\\\/www.four-forestschool.ch\\\/de\\\/neuigkeiten\\\/four-forest-luzern-kommt-fuer-einen-tag-voller-wandern-und-lernen-zusammen\\\/#primaryimage\"},\"image\":{\"@id\":\"https:\\\/\\\/www.four-forestschool.ch\\\/de\\\/neuigkeiten\\\/four-forest-luzern-kommt-fuer-einen-tag-voller-wandern-und-lernen-zusammen\\\/#primaryimage\"},\"thumbnailUrl\":\"https:\\\/\\\/www.four-forestschool.ch\\\/wp-content\\\/uploads\\\/sites\\\/142\\\/2026\\\/03\\\/IMG_6093.jpeg\",\"datePublished\":\"2026-03-23T08:54:16+00:00\",\"description\":\"Sch\u00fclerinnen und Sch\u00fcler von Four Forest Luzern nahmen an einer schulweiten Wanderung in Meggen teil, erkundeten verschiedene Routen und fanden als Gemeinschaft durch Lernen im Freien und gemeinsame Erlebnisse zusammen.\",\"breadcrumb\":{\"@id\":\"https:\\\/\\\/www.four-forestschool.ch\\\/de\\\/neuigkeiten\\\/four-forest-luzern-kommt-fuer-einen-tag-voller-wandern-und-lernen-zusammen\\\/#breadcrumb\"},\"inLanguage\":\"de-DE\",\"potentialAction\":[{\"@type\":\"ReadAction\",\"target\":[\"https:\\\/\\\/www.four-forestschool.ch\\\/de\\\/neuigkeiten\\\/four-forest-luzern-kommt-fuer-einen-tag-voller-wandern-und-lernen-zusammen\\\/\"]}]},{\"@type\":\"ImageObject\",\"inLanguage\":\"de-DE\",\"@id\":\"https:\\\/\\\/www.four-forestschool.ch\\\/de\\\/neuigkeiten\\\/four-forest-luzern-kommt-fuer-einen-tag-voller-wandern-und-lernen-zusammen\\\/#primaryimage\",\"url\":\"https:\\\/\\\/www.four-forestschool.ch\\\/wp-content\\\/uploads\\\/sites\\\/142\\\/2026\\\/03\\\/IMG_6093.jpeg\",\"contentUrl\":\"https:\\\/\\\/www.four-forestschool.ch\\\/wp-content\\\/uploads\\\/sites\\\/142\\\/2026\\\/03\\\/IMG_6093.jpeg\",\"width\":1500,\"height\":1075},{\"@type\":\"BreadcrumbList\",\"@id\":\"https:\\\/\\\/www.four-forestschool.ch\\\/de\\\/neuigkeiten\\\/four-forest-luzern-kommt-fuer-einen-tag-voller-wandern-und-lernen-zusammen\\\/#breadcrumb\",\"itemListElement\":[{\"@type\":\"ListItem\",\"position\":1,\"name\":\"Home\",\"item\":\"https:\\\/\\\/www.four-forestschool.ch\\\/de\\\/\"},{\"@type\":\"ListItem\",\"position\":2,\"name\":\"School News\",\"item\":\"https:\\\/\\\/www.four-forestschool.ch\\\/de\\\/neuigkeiten\\\/\"},{\"@type\":\"ListItem\",\"position\":3,\"name\":\"Four Forest Luzern kommt f\u00fcr einen Tag voller Wandern und Lernen zusammen\"}]},{\"@type\":\"WebSite\",\"@id\":\"https:\\\/\\\/www.four-forestschool.ch\\\/de\\\/#website\",\"url\":\"https:\\\/\\\/www.four-forestschool.ch\\\/de\\\/\",\"name\":\"FOUR FOREST Bilingual International School\",\"description\":\"Four Forest Bilingual International School Luzern and Zug.\",\"publisher\":{\"@id\":\"https:\\\/\\\/www.four-forestschool.ch\\\/de\\\/#organization\"},\"potentialAction\":[{\"@type\":\"SearchAction\",\"target\":{\"@type\":\"EntryPoint\",\"urlTemplate\":\"https:\\\/\\\/www.four-forestschool.ch\\\/de\\\/?s={search_term_string}\"},\"query-input\":{\"@type\":\"PropertyValueSpecification\",\"valueRequired\":true,\"valueName\":\"search_term_string\"}}],\"inLanguage\":\"de-DE\"},{\"@type\":\"Organization\",\"@id\":\"https:\\\/\\\/www.four-forestschool.ch\\\/de\\\/#organization\",\"name\":\"FOUR FOREST Bilingual International School\",\"url\":\"https:\\\/\\\/www.four-forestschool.ch\\\/de\\\/\",\"logo\":{\"@type\":\"ImageObject\",\"inLanguage\":\"de-DE\",\"@id\":\"https:\\\/\\\/www.four-forestschool.ch\\\/de\\\/#\\\/schema\\\/logo\\\/image\\\/\",\"url\":\"https:\\\/\\\/www.four-forestschool.ch\\\/wp-content\\\/uploads\\\/sites\\\/142\\\/2024\\\/09\\\/FFS_DGreenLogo_Horizontal.png\",\"contentUrl\":\"https:\\\/\\\/www.four-forestschool.ch\\\/wp-content\\\/uploads\\\/sites\\\/142\\\/2024\\\/09\\\/FFS_DGreenLogo_Horizontal.png\",\"width\":1375,\"height\":283,\"caption\":\"FOUR FOREST Bilingual International School\"},\"image\":{\"@id\":\"https:\\\/\\\/www.four-forestschool.ch\\\/de\\\/#\\\/schema\\\/logo\\\/image\\\/\"},\"sameAs\":[\"https:\\\/\\\/www.facebook.com\\\/61566364066957\",\"https:\\\/\\\/www.instagram.com\\\/fourforestschools\\\/\",\"https:\\\/\\\/ch.linkedin.com\\\/company\\\/four-forest-bilingual-international-school\"]}]}<\/script>\n<!-- \/ Yoast SEO plugin. -->","yoast_head_json":{"title":"Four Forest Luzern kommt f\u00fcr einen Tag voller Wandern und Lernen zusammen - Four Forest Bilingual International School","description":"Sch\u00fclerinnen und Sch\u00fcler von Four Forest Luzern nahmen an einer schulweiten Wanderung in Meggen teil, erkundeten verschiedene Routen und fanden als Gemeinschaft durch Lernen im Freien und gemeinsame Erlebnisse zusammen.","robots":{"index":"index","follow":"follow","max-snippet":"max-snippet:-1","max-image-preview":"max-image-preview:large","max-video-preview":"max-video-preview:-1"},"canonical":"https:\/\/www.four-forestschool.ch\/de\/neuigkeiten\/four-forest-luzern-kommt-fuer-einen-tag-voller-wandern-und-lernen-zusammen\/","og_locale":"de_DE","og_type":"article","og_title":"Four Forest Luzern kommt f\u00fcr einen Tag voller Wandern und Lernen zusammen - Four Forest Bilingual International School","og_description":"Sch\u00fclerinnen und Sch\u00fcler von Four Forest Luzern nahmen an einer schulweiten Wanderung in Meggen teil, erkundeten verschiedene Routen und fanden als Gemeinschaft durch Lernen im Freien und gemeinsame Erlebnisse zusammen.","og_url":"https:\/\/www.four-forestschool.ch\/de\/neuigkeiten\/four-forest-luzern-kommt-fuer-einen-tag-voller-wandern-und-lernen-zusammen\/","og_site_name":"Four Forest Bilingual International School","article_publisher":"https:\/\/www.facebook.com\/61566364066957","og_image":[{"width":1500,"height":1075,"url":"https:\/\/www.four-forestschool.ch\/wp-content\/uploads\/sites\/142\/2026\/03\/IMG_6093.jpeg","type":"image\/jpeg"}],"twitter_card":"summary_large_image","twitter_misc":{"Est. reading time":"1 minute"},"schema":{"@context":"https:\/\/schema.org","@graph":[{"@type":"WebPage","@id":"https:\/\/www.four-forestschool.ch\/de\/neuigkeiten\/four-forest-luzern-kommt-fuer-einen-tag-voller-wandern-und-lernen-zusammen\/","url":"https:\/\/www.four-forestschool.ch\/de\/neuigkeiten\/four-forest-luzern-kommt-fuer-einen-tag-voller-wandern-und-lernen-zusammen\/","name":"Four Forest Luzern kommt f\u00fcr einen Tag voller Wandern und Lernen zusammen - Four Forest Bilingual International School","isPartOf":{"@id":"https:\/\/www.four-forestschool.ch\/de\/#website"},"primaryImageOfPage":{"@id":"https:\/\/www.four-forestschool.ch\/de\/neuigkeiten\/four-forest-luzern-kommt-fuer-einen-tag-voller-wandern-und-lernen-zusammen\/#primaryimage"},"image":{"@id":"https:\/\/www.four-forestschool.ch\/de\/neuigkeiten\/four-forest-luzern-kommt-fuer-einen-tag-voller-wandern-und-lernen-zusammen\/#primaryimage"},"thumbnailUrl":"https:\/\/www.four-forestschool.ch\/wp-content\/uploads\/sites\/142\/2026\/03\/IMG_6093.jpeg","datePublished":"2026-03-23T08:54:16+00:00","description":"Sch\u00fclerinnen und Sch\u00fcler von Four Forest Luzern nahmen an einer schulweiten Wanderung in Meggen teil, erkundeten verschiedene Routen und fanden als Gemeinschaft durch Lernen im Freien und gemeinsame Erlebnisse zusammen.","breadcrumb":{"@id":"https:\/\/www.four-forestschool.ch\/de\/neuigkeiten\/four-forest-luzern-kommt-fuer-einen-tag-voller-wandern-und-lernen-zusammen\/#breadcrumb"},"inLanguage":"de-DE","potentialAction":[{"@type":"ReadAction","target":["https:\/\/www.four-forestschool.ch\/de\/neuigkeiten\/four-forest-luzern-kommt-fuer-einen-tag-voller-wandern-und-lernen-zusammen\/"]}]},{"@type":"ImageObject","inLanguage":"de-DE","@id":"https:\/\/www.four-forestschool.ch\/de\/neuigkeiten\/four-forest-luzern-kommt-fuer-einen-tag-voller-wandern-und-lernen-zusammen\/#primaryimage","url":"https:\/\/www.four-forestschool.ch\/wp-content\/uploads\/sites\/142\/2026\/03\/IMG_6093.jpeg","contentUrl":"https:\/\/www.four-forestschool.ch\/wp-content\/uploads\/sites\/142\/2026\/03\/IMG_6093.jpeg","width":1500,"height":1075},{"@type":"BreadcrumbList","@id":"https:\/\/www.four-forestschool.ch\/de\/neuigkeiten\/four-forest-luzern-kommt-fuer-einen-tag-voller-wandern-und-lernen-zusammen\/#breadcrumb","itemListElement":[{"@type":"ListItem","position":1,"name":"Home","item":"https:\/\/www.four-forestschool.ch\/de\/"},{"@type":"ListItem","position":2,"name":"School News","item":"https:\/\/www.four-forestschool.ch\/de\/neuigkeiten\/"},{"@type":"ListItem","position":3,"name":"Four Forest Luzern kommt f\u00fcr einen Tag voller Wandern und Lernen zusammen"}]},{"@type":"WebSite","@id":"https:\/\/www.four-forestschool.ch\/de\/#website","url":"https:\/\/www.four-forestschool.ch\/de\/","name":"FOUR FOREST Bilingual International School","description":"Four Forest Bilingual International School Luzern and Zug.","publisher":{"@id":"https:\/\/www.four-forestschool.ch\/de\/#organization"},"potentialAction":[{"@type":"SearchAction","target":{"@type":"EntryPoint","urlTemplate":"https:\/\/www.four-forestschool.ch\/de\/?s={search_term_string}"},"query-input":{"@type":"PropertyValueSpecification","valueRequired":true,"valueName":"search_term_string"}}],"inLanguage":"de-DE"},{"@type":"Organization","@id":"https:\/\/www.four-forestschool.ch\/de\/#organization","name":"FOUR FOREST Bilingual International School","url":"https:\/\/www.four-forestschool.ch\/de\/","logo":{"@type":"ImageObject","inLanguage":"de-DE","@id":"https:\/\/www.four-forestschool.ch\/de\/#\/schema\/logo\/image\/","url":"https:\/\/www.four-forestschool.ch\/wp-content\/uploads\/sites\/142\/2024\/09\/FFS_DGreenLogo_Horizontal.png","contentUrl":"https:\/\/www.four-forestschool.ch\/wp-content\/uploads\/sites\/142\/2024\/09\/FFS_DGreenLogo_Horizontal.png","width":1375,"height":283,"caption":"FOUR FOREST Bilingual International School"},"image":{"@id":"https:\/\/www.four-forestschool.ch\/de\/#\/schema\/logo\/image\/"},"sameAs":["https:\/\/www.facebook.com\/61566364066957","https:\/\/www.instagram.com\/fourforestschools\/","https:\/\/ch.linkedin.com\/company\/four-forest-bilingual-international-school"]}]}},"jetpack_sharing_enabled":true,"_links":{"self":[{"href":"https:\/\/www.four-forestschool.ch\/de\/wp-json\/wp\/v2\/school_news\/20679","targetHints":{"allow":["GET"]}}],"collection":[{"href":"https:\/\/www.four-forestschool.ch\/de\/wp-json\/wp\/v2\/school_news"}],"about":[{"href":"https:\/\/www.four-forestschool.ch\/de\/wp-json\/wp\/v2\/types\/school_news"}],"author":[{"embeddable":true,"href":"https:\/\/www.four-forestschool.ch\/de\/wp-json\/wp\/v2\/users\/606"}],"version-history":[{"count":0,"href":"https:\/\/www.four-forestschool.ch\/de\/wp-json\/wp\/v2\/school_news\/20679\/revisions"}],"wp:featuredmedia":[{"embeddable":true,"href":"https:\/\/www.four-forestschool.ch\/de\/wp-json\/wp\/v2\/media\/20673"}],"wp:attachment":[{"href":"https:\/\/www.four-forestschool.ch\/de\/wp-json\/wp\/v2\/media?parent=20679"}],"wp:term":[{"taxonomy":"news-category","embeddable":true,"href":"https:\/\/www.four-forestschool.ch\/de\/wp-json\/wp\/v2\/news-category?post=20679"},{"taxonomy":"news-tag","embeddable":true,"href":"https:\/\/www.four-forestschool.ch\/de\/wp-json\/wp\/v2\/news-tag?post=20679"}],"curies":[{"name":"wp","href":"https:\/\/api.w.org\/{rel}","templated":true}]}}