{"id":20777,"date":"2026-04-20T08:41:03","date_gmt":"2026-04-20T06:41:03","guid":{"rendered":"https:\/\/www.four-forestschool.ch\/school-news\/osterferienprogramm-an-der-four-forest-luzern-staerkt-gemeinschaft-und-austausch\/"},"modified":"2026-04-20T08:41:03","modified_gmt":"2026-04-20T06:41:03","slug":"osterferienprogramm-an-der-four-forest-luzern-staerkt-gemeinschaft-und-austausch","status":"publish","type":"school_news","link":"https:\/\/www.four-forestschool.ch\/de\/neuigkeiten\/osterferienprogramm-an-der-four-forest-luzern-staerkt-gemeinschaft-und-austausch\/","title":{"rendered":"Osterferienprogramm an der Four Forest Luzern st\u00e4rkt Gemeinschaft und Austausch"},"content":{"rendered":"<p>Die Four Forest Luzern begr\u00fcsste Kinder im Alter von 3 bis 9 Jahren zu ihrem Osterferienprogramm, das vom 13. bis 17. April stattfand. Das Programm bot einen verl\u00e4sslichen, gut betreuten Rahmen mit einer ausgewogenen Mischung aus strukturierten Aktivit\u00e4ten und freiem Spiel und schuf so eine entspannte und ansprechende Umgebung f\u00fcr alle Teilnehmenden. <\/p>\n<p>Die Kinder konnten ihren gewohnten Schulalltag hinter sich lassen, Zeit miteinander verbringen und im Laufe des Tages an unterschiedlichen Aktivit\u00e4ten teilnehmen.<\/p>\n<p>Bereits zu Beginn der Woche zeigte sich, wie positiv die Kinder das Programm annahmen. Das Zusammenbringen verschiedener Altersgruppen schuf eine lebendige Atmosph\u00e4re, in der sie ungezwungen miteinander in Kontakt kamen und auch \u00fcber die gewohnte Klassenstruktur hinaus Beziehungen kn\u00fcpften. <\/p>\n<p>Der Tagesablauf war abwechslungsreich gestaltet und verband strukturierte Angebote mit Phasen des freien Spiels. Die Morgen begannen h\u00e4ufig mit ruhigen Ankommensaktivit\u00e4ten wie Lesen, Zeichnen oder Puzzles. Darauf folgten Spielsequenzen drinnen oder draussen, kreative Einheiten wie Schmuckherstellung und Malen sowie Zeit im Wald oder im Garten. Gemeinsame Momente wie Zn\u00fcni, Mittagessen und Gruppenaktivit\u00e4ten boten zus\u00e4tzliche Gelegenheiten f\u00fcr Austausch zwischen den Altersgruppen. Dieser Rhythmus erm\u00f6glichte es den Kindern, sich auf unterschiedliche Weise einzubringen \u2013 sei es kreativ, in der Natur oder im freien Spiel \u2013 und dabei ganz selbstverst\u00e4ndlich Zeit miteinander zu verbringen.   <\/p>\n<h3>Vielf\u00e4ltige Aktivit\u00e4ten im Osterferienprogramm<\/h3>\n<p>Im Verlauf der Woche nahmen die Kinder an einer breiten Palette von Aktivit\u00e4ten teil, darunter Gartenarbeit, Malen, Zeichnen, Schmuckherstellung, Sport sowie das Erkunden des Waldes.<\/p>\n<p>Ein besonderer H\u00f6hepunkt war die Gestaltung eines neuen Bereichs im Schulgarten. Die Kinder beteiligten sich aktiv an der Entwicklung dieses Ortes und arbeiteten gemeinsam an einem Projekt, bei dem sie ihre Umgebung ganz praktisch erleben konnten. <\/p>\n<p>Das Programm stand im Zeichen des Fr\u00fchlings und umfasste auch osterbezogene Aktivit\u00e4ten wie Bastelarbeiten, kreative Projekte und eine Ostereiersuche.<span class=\"EOP SCXW27131190 BCX0\" data-ccp-props=\"{\"335559738\":240,\"335559739\":240}\"> <\/span><\/p>\n<p>Die klare Tagesstruktur gab Orientierung und bot gleichzeitig gen\u00fcgend Freiraum, sodass die Kinder sowohl an vielf\u00e4ltigen Aktivit\u00e4ten teilnehmen als auch von einer verl\u00e4sslichen Routine profitieren konnten.<\/p>\n<h3>Eine unterst\u00fctzende Umgebung an der Four Forest Luzern<\/h3>\n<p>Das Programm schuf eine sichere und konstante Umgebung, in der die Kinder in ihrem eigenen Tempo entdecken, interagieren und sich weiterentwickeln konnten. Durch allt\u00e4gliche Erfahrungen st\u00e4rkten sie ihr Selbstvertrauen und kn\u00fcpften soziale Kontakte in einem vertrauten Rahmen. <\/p>\n<p>Die enge Betreuung und die ruhige Atmosph\u00e4re unterst\u00fctzten sowohl das individuelle Erleben als auch das Miteinander in der Gruppe und trugen dazu bei, dass sich die Kinder w\u00e4hrend der gesamten Woche wohlf\u00fchlten.<\/p>\n<p>Die Erfahrungen dieser Woche liefern wertvolle Impulse f\u00fcr die Weiterentwicklung zuk\u00fcnftiger Ferienprogramme. Auf dieser Grundlage pr\u00fcft das Team, wie das Angebot weiter ausgebaut werden kann \u2013 etwa durch gezielte Erweiterungen im Bereich Sport und Sprachen, die von den bestehenden ECA-Leitenden der Schule durchgef\u00fchrt werden k\u00f6nnten. <\/p>\n","protected":false},"excerpt":{"rendered":"<p>Das Osterferienprogramm der Four Forest Luzern begr\u00fcsste Kinder im Alter von 3 bis 9 Jahren zu einer Woche voller kreativer Aktivit\u00e4ten, Entdeckungen im Freien und gemeinsamer Erlebnisse, die Verbindung und Selbstvertrauen st\u00e4rkten.<\/p>\n<p><\/p>\n","protected":false},"author":606,"featured_media":20767,"parent":0,"menu_order":0,"template":"","meta":{"_acf_changed":false,"footnotes":""},"news-category":[],"news-tag":[],"class_list":["post-20777","school_news","type-school_news","status-publish","has-post-thumbnail","hentry"],"acf":[],"yoast_head":"<!-- This site is optimized with the Yoast SEO plugin v27.4 - https:\/\/yoast.com\/product\/yoast-seo-wordpress\/ -->\n<title>Osterferienprogramm an der Four Forest Luzern st\u00e4rkt Gemeinschaft und Austausch - Four Forest Bilingual International School<\/title>\n<meta name=\"description\" content=\"Das Osterferienprogramm der Four Forest Luzern brachte Kinder im Alter von 3 bis 9 Jahren durch Spiel, Kreativit\u00e4t und gemeinsame Routinen in einer sicheren und unterst\u00fctzenden Umgebung zusammen.\" \/>\n<meta name=\"robots\" content=\"index, follow, max-snippet:-1, max-image-preview:large, max-video-preview:-1\" \/>\n<link rel=\"canonical\" href=\"https:\/\/www.four-forestschool.ch\/de\/neuigkeiten\/osterferienprogramm-an-der-four-forest-luzern-staerkt-gemeinschaft-und-austausch\/\" \/>\n<meta property=\"og:locale\" content=\"de_DE\" \/>\n<meta property=\"og:type\" content=\"article\" \/>\n<meta property=\"og:title\" content=\"Osterferienprogramm an der Four Forest Luzern st\u00e4rkt Gemeinschaft und Austausch - Four Forest Bilingual International School\" \/>\n<meta property=\"og:description\" content=\"Das Osterferienprogramm der Four Forest Luzern brachte Kinder im Alter von 3 bis 9 Jahren durch Spiel, Kreativit\u00e4t und gemeinsame Routinen in einer sicheren und unterst\u00fctzenden Umgebung zusammen.\" \/>\n<meta property=\"og:url\" content=\"https:\/\/www.four-forestschool.ch\/de\/neuigkeiten\/osterferienprogramm-an-der-four-forest-luzern-staerkt-gemeinschaft-und-austausch\/\" \/>\n<meta property=\"og:site_name\" content=\"Four Forest Bilingual International School\" \/>\n<meta property=\"article:publisher\" content=\"https:\/\/www.facebook.com\/61566364066957\" \/>\n<meta name=\"twitter:card\" content=\"summary_large_image\" \/>\n<meta name=\"twitter:image\" content=\"https:\/\/www.four-forestschool.ch\/wp-content\/uploads\/sites\/142\/2026\/04\/Image-27.jpg\" \/>\n<meta name=\"twitter:label1\" content=\"Est. reading time\" \/>\n\t<meta name=\"twitter:data1\" content=\"2 minutes\" \/>\n<script type=\"application\/ld+json\" class=\"yoast-schema-graph\">{\"@context\":\"https:\\\/\\\/schema.org\",\"@graph\":[{\"@type\":\"WebPage\",\"@id\":\"https:\\\/\\\/www.four-forestschool.ch\\\/de\\\/neuigkeiten\\\/osterferienprogramm-an-der-four-forest-luzern-staerkt-gemeinschaft-und-austausch\\\/\",\"url\":\"https:\\\/\\\/www.four-forestschool.ch\\\/de\\\/neuigkeiten\\\/osterferienprogramm-an-der-four-forest-luzern-staerkt-gemeinschaft-und-austausch\\\/\",\"name\":\"Osterferienprogramm an der Four Forest Luzern st\u00e4rkt Gemeinschaft und Austausch - Four Forest Bilingual International School\",\"isPartOf\":{\"@id\":\"https:\\\/\\\/www.four-forestschool.ch\\\/de\\\/#website\"},\"primaryImageOfPage\":{\"@id\":\"https:\\\/\\\/www.four-forestschool.ch\\\/de\\\/neuigkeiten\\\/osterferienprogramm-an-der-four-forest-luzern-staerkt-gemeinschaft-und-austausch\\\/#primaryimage\"},\"image\":{\"@id\":\"https:\\\/\\\/www.four-forestschool.ch\\\/de\\\/neuigkeiten\\\/osterferienprogramm-an-der-four-forest-luzern-staerkt-gemeinschaft-und-austausch\\\/#primaryimage\"},\"thumbnailUrl\":\"https:\\\/\\\/www.four-forestschool.ch\\\/wp-content\\\/uploads\\\/sites\\\/142\\\/2026\\\/04\\\/Image-27.jpg\",\"datePublished\":\"2026-04-20T06:41:03+00:00\",\"description\":\"Das Osterferienprogramm der Four Forest Luzern brachte Kinder im Alter von 3 bis 9 Jahren durch Spiel, Kreativit\u00e4t und gemeinsame Routinen in einer sicheren und unterst\u00fctzenden Umgebung zusammen.\",\"breadcrumb\":{\"@id\":\"https:\\\/\\\/www.four-forestschool.ch\\\/de\\\/neuigkeiten\\\/osterferienprogramm-an-der-four-forest-luzern-staerkt-gemeinschaft-und-austausch\\\/#breadcrumb\"},\"inLanguage\":\"de-DE\",\"potentialAction\":[{\"@type\":\"ReadAction\",\"target\":[\"https:\\\/\\\/www.four-forestschool.ch\\\/de\\\/neuigkeiten\\\/osterferienprogramm-an-der-four-forest-luzern-staerkt-gemeinschaft-und-austausch\\\/\"]}]},{\"@type\":\"ImageObject\",\"inLanguage\":\"de-DE\",\"@id\":\"https:\\\/\\\/www.four-forestschool.ch\\\/de\\\/neuigkeiten\\\/osterferienprogramm-an-der-four-forest-luzern-staerkt-gemeinschaft-und-austausch\\\/#primaryimage\",\"url\":\"https:\\\/\\\/www.four-forestschool.ch\\\/wp-content\\\/uploads\\\/sites\\\/142\\\/2026\\\/04\\\/Image-27.jpg\",\"contentUrl\":\"https:\\\/\\\/www.four-forestschool.ch\\\/wp-content\\\/uploads\\\/sites\\\/142\\\/2026\\\/04\\\/Image-27.jpg\",\"width\":5712,\"height\":3213},{\"@type\":\"BreadcrumbList\",\"@id\":\"https:\\\/\\\/www.four-forestschool.ch\\\/de\\\/neuigkeiten\\\/osterferienprogramm-an-der-four-forest-luzern-staerkt-gemeinschaft-und-austausch\\\/#breadcrumb\",\"itemListElement\":[{\"@type\":\"ListItem\",\"position\":1,\"name\":\"Home\",\"item\":\"https:\\\/\\\/www.four-forestschool.ch\\\/de\\\/\"},{\"@type\":\"ListItem\",\"position\":2,\"name\":\"School News\",\"item\":\"https:\\\/\\\/www.four-forestschool.ch\\\/de\\\/neuigkeiten\\\/\"},{\"@type\":\"ListItem\",\"position\":3,\"name\":\"Osterferienprogramm an der Four Forest Luzern st\u00e4rkt Gemeinschaft und Austausch\"}]},{\"@type\":\"WebSite\",\"@id\":\"https:\\\/\\\/www.four-forestschool.ch\\\/de\\\/#website\",\"url\":\"https:\\\/\\\/www.four-forestschool.ch\\\/de\\\/\",\"name\":\"FOUR FOREST Bilingual International School\",\"description\":\"Four Forest Bilingual International School Luzern and Zug.\",\"publisher\":{\"@id\":\"https:\\\/\\\/www.four-forestschool.ch\\\/de\\\/#organization\"},\"potentialAction\":[{\"@type\":\"SearchAction\",\"target\":{\"@type\":\"EntryPoint\",\"urlTemplate\":\"https:\\\/\\\/www.four-forestschool.ch\\\/de\\\/?s={search_term_string}\"},\"query-input\":{\"@type\":\"PropertyValueSpecification\",\"valueRequired\":true,\"valueName\":\"search_term_string\"}}],\"inLanguage\":\"de-DE\"},{\"@type\":\"Organization\",\"@id\":\"https:\\\/\\\/www.four-forestschool.ch\\\/de\\\/#organization\",\"name\":\"FOUR FOREST Bilingual International School\",\"url\":\"https:\\\/\\\/www.four-forestschool.ch\\\/de\\\/\",\"logo\":{\"@type\":\"ImageObject\",\"inLanguage\":\"de-DE\",\"@id\":\"https:\\\/\\\/www.four-forestschool.ch\\\/de\\\/#\\\/schema\\\/logo\\\/image\\\/\",\"url\":\"https:\\\/\\\/www.four-forestschool.ch\\\/wp-content\\\/uploads\\\/sites\\\/142\\\/2024\\\/09\\\/FFS_DGreenLogo_Horizontal.png\",\"contentUrl\":\"https:\\\/\\\/www.four-forestschool.ch\\\/wp-content\\\/uploads\\\/sites\\\/142\\\/2024\\\/09\\\/FFS_DGreenLogo_Horizontal.png\",\"width\":1375,\"height\":283,\"caption\":\"FOUR FOREST Bilingual International School\"},\"image\":{\"@id\":\"https:\\\/\\\/www.four-forestschool.ch\\\/de\\\/#\\\/schema\\\/logo\\\/image\\\/\"},\"sameAs\":[\"https:\\\/\\\/www.facebook.com\\\/61566364066957\",\"https:\\\/\\\/www.instagram.com\\\/fourforestschools\\\/\",\"https:\\\/\\\/ch.linkedin.com\\\/company\\\/four-forest-bilingual-international-school\"]}]}<\/script>\n<!-- \/ Yoast SEO plugin. -->","yoast_head_json":{"title":"Osterferienprogramm an der Four Forest Luzern st\u00e4rkt Gemeinschaft und Austausch - Four Forest Bilingual International School","description":"Das Osterferienprogramm der Four Forest Luzern brachte Kinder im Alter von 3 bis 9 Jahren durch Spiel, Kreativit\u00e4t und gemeinsame Routinen in einer sicheren und unterst\u00fctzenden Umgebung zusammen.","robots":{"index":"index","follow":"follow","max-snippet":"max-snippet:-1","max-image-preview":"max-image-preview:large","max-video-preview":"max-video-preview:-1"},"canonical":"https:\/\/www.four-forestschool.ch\/de\/neuigkeiten\/osterferienprogramm-an-der-four-forest-luzern-staerkt-gemeinschaft-und-austausch\/","og_locale":"de_DE","og_type":"article","og_title":"Osterferienprogramm an der Four Forest Luzern st\u00e4rkt Gemeinschaft und Austausch - Four Forest Bilingual International School","og_description":"Das Osterferienprogramm der Four Forest Luzern brachte Kinder im Alter von 3 bis 9 Jahren durch Spiel, Kreativit\u00e4t und gemeinsame Routinen in einer sicheren und unterst\u00fctzenden Umgebung zusammen.","og_url":"https:\/\/www.four-forestschool.ch\/de\/neuigkeiten\/osterferienprogramm-an-der-four-forest-luzern-staerkt-gemeinschaft-und-austausch\/","og_site_name":"Four Forest Bilingual International School","article_publisher":"https:\/\/www.facebook.com\/61566364066957","twitter_card":"summary_large_image","twitter_image":"https:\/\/www.four-forestschool.ch\/wp-content\/uploads\/sites\/142\/2026\/04\/Image-27.jpg","twitter_misc":{"Est. reading time":"2 minutes"},"schema":{"@context":"https:\/\/schema.org","@graph":[{"@type":"WebPage","@id":"https:\/\/www.four-forestschool.ch\/de\/neuigkeiten\/osterferienprogramm-an-der-four-forest-luzern-staerkt-gemeinschaft-und-austausch\/","url":"https:\/\/www.four-forestschool.ch\/de\/neuigkeiten\/osterferienprogramm-an-der-four-forest-luzern-staerkt-gemeinschaft-und-austausch\/","name":"Osterferienprogramm an der Four Forest Luzern st\u00e4rkt Gemeinschaft und Austausch - Four Forest Bilingual International School","isPartOf":{"@id":"https:\/\/www.four-forestschool.ch\/de\/#website"},"primaryImageOfPage":{"@id":"https:\/\/www.four-forestschool.ch\/de\/neuigkeiten\/osterferienprogramm-an-der-four-forest-luzern-staerkt-gemeinschaft-und-austausch\/#primaryimage"},"image":{"@id":"https:\/\/www.four-forestschool.ch\/de\/neuigkeiten\/osterferienprogramm-an-der-four-forest-luzern-staerkt-gemeinschaft-und-austausch\/#primaryimage"},"thumbnailUrl":"https:\/\/www.four-forestschool.ch\/wp-content\/uploads\/sites\/142\/2026\/04\/Image-27.jpg","datePublished":"2026-04-20T06:41:03+00:00","description":"Das Osterferienprogramm der Four Forest Luzern brachte Kinder im Alter von 3 bis 9 Jahren durch Spiel, Kreativit\u00e4t und gemeinsame Routinen in einer sicheren und unterst\u00fctzenden Umgebung zusammen.","breadcrumb":{"@id":"https:\/\/www.four-forestschool.ch\/de\/neuigkeiten\/osterferienprogramm-an-der-four-forest-luzern-staerkt-gemeinschaft-und-austausch\/#breadcrumb"},"inLanguage":"de-DE","potentialAction":[{"@type":"ReadAction","target":["https:\/\/www.four-forestschool.ch\/de\/neuigkeiten\/osterferienprogramm-an-der-four-forest-luzern-staerkt-gemeinschaft-und-austausch\/"]}]},{"@type":"ImageObject","inLanguage":"de-DE","@id":"https:\/\/www.four-forestschool.ch\/de\/neuigkeiten\/osterferienprogramm-an-der-four-forest-luzern-staerkt-gemeinschaft-und-austausch\/#primaryimage","url":"https:\/\/www.four-forestschool.ch\/wp-content\/uploads\/sites\/142\/2026\/04\/Image-27.jpg","contentUrl":"https:\/\/www.four-forestschool.ch\/wp-content\/uploads\/sites\/142\/2026\/04\/Image-27.jpg","width":5712,"height":3213},{"@type":"BreadcrumbList","@id":"https:\/\/www.four-forestschool.ch\/de\/neuigkeiten\/osterferienprogramm-an-der-four-forest-luzern-staerkt-gemeinschaft-und-austausch\/#breadcrumb","itemListElement":[{"@type":"ListItem","position":1,"name":"Home","item":"https:\/\/www.four-forestschool.ch\/de\/"},{"@type":"ListItem","position":2,"name":"School News","item":"https:\/\/www.four-forestschool.ch\/de\/neuigkeiten\/"},{"@type":"ListItem","position":3,"name":"Osterferienprogramm an der Four Forest Luzern st\u00e4rkt Gemeinschaft und Austausch"}]},{"@type":"WebSite","@id":"https:\/\/www.four-forestschool.ch\/de\/#website","url":"https:\/\/www.four-forestschool.ch\/de\/","name":"FOUR FOREST Bilingual International School","description":"Four Forest Bilingual International School Luzern and Zug.","publisher":{"@id":"https:\/\/www.four-forestschool.ch\/de\/#organization"},"potentialAction":[{"@type":"SearchAction","target":{"@type":"EntryPoint","urlTemplate":"https:\/\/www.four-forestschool.ch\/de\/?s={search_term_string}"},"query-input":{"@type":"PropertyValueSpecification","valueRequired":true,"valueName":"search_term_string"}}],"inLanguage":"de-DE"},{"@type":"Organization","@id":"https:\/\/www.four-forestschool.ch\/de\/#organization","name":"FOUR FOREST Bilingual International School","url":"https:\/\/www.four-forestschool.ch\/de\/","logo":{"@type":"ImageObject","inLanguage":"de-DE","@id":"https:\/\/www.four-forestschool.ch\/de\/#\/schema\/logo\/image\/","url":"https:\/\/www.four-forestschool.ch\/wp-content\/uploads\/sites\/142\/2024\/09\/FFS_DGreenLogo_Horizontal.png","contentUrl":"https:\/\/www.four-forestschool.ch\/wp-content\/uploads\/sites\/142\/2024\/09\/FFS_DGreenLogo_Horizontal.png","width":1375,"height":283,"caption":"FOUR FOREST Bilingual International School"},"image":{"@id":"https:\/\/www.four-forestschool.ch\/de\/#\/schema\/logo\/image\/"},"sameAs":["https:\/\/www.facebook.com\/61566364066957","https:\/\/www.instagram.com\/fourforestschools\/","https:\/\/ch.linkedin.com\/company\/four-forest-bilingual-international-school"]}]}},"jetpack_sharing_enabled":true,"_links":{"self":[{"href":"https:\/\/www.four-forestschool.ch\/de\/wp-json\/wp\/v2\/school_news\/20777","targetHints":{"allow":["GET"]}}],"collection":[{"href":"https:\/\/www.four-forestschool.ch\/de\/wp-json\/wp\/v2\/school_news"}],"about":[{"href":"https:\/\/www.four-forestschool.ch\/de\/wp-json\/wp\/v2\/types\/school_news"}],"author":[{"embeddable":true,"href":"https:\/\/www.four-forestschool.ch\/de\/wp-json\/wp\/v2\/users\/606"}],"version-history":[{"count":0,"href":"https:\/\/www.four-forestschool.ch\/de\/wp-json\/wp\/v2\/school_news\/20777\/revisions"}],"wp:featuredmedia":[{"embeddable":true,"href":"https:\/\/www.four-forestschool.ch\/de\/wp-json\/wp\/v2\/media\/20767"}],"wp:attachment":[{"href":"https:\/\/www.four-forestschool.ch\/de\/wp-json\/wp\/v2\/media?parent=20777"}],"wp:term":[{"taxonomy":"news-category","embeddable":true,"href":"https:\/\/www.four-forestschool.ch\/de\/wp-json\/wp\/v2\/news-category?post=20777"},{"taxonomy":"news-tag","embeddable":true,"href":"https:\/\/www.four-forestschool.ch\/de\/wp-json\/wp\/v2\/news-tag?post=20777"}],"curies":[{"name":"wp","href":"https:\/\/api.w.org\/{rel}","templated":true}]}}